{"id":1929,"date":"2020-03-04T15:43:42","date_gmt":"2020-03-04T14:43:42","guid":{"rendered":"https:\/\/relacioneslaborales.umh.es\/?p=1929"},"modified":"2020-03-04T15:43:42","modified_gmt":"2020-03-04T14:43:42","slug":"mesa-redonda-sobre-acoso-escolar-y-ciberbullying-problematica-real-y-respuestas-juridicas","status":"publish","type":"post","link":"https:\/\/relacioneslaborales.umh.es\/ca\/2020\/03\/04\/mesa-redonda-sobre-acoso-escolar-y-ciberbullying-problematica-real-y-respuestas-juridicas\/","title":{"rendered":"<span lang=\"es\">(Espa\u00f1ol) Mesa redonda sobre Acoso escolar y ciberbullying: problem\u00e1tica real y respuestas jur\u00eddicas<\/span>"},"content":{"rendered":"<p class=\"qtranxs-available-languages-message qtranxs-available-languages-message-ca\">Ho sentim, aquesta entrada es troba disponible \u00fanicament en <a href=\"https:\/\/relacioneslaborales.umh.es\/es\/wp-json\/wp\/v2\/posts\/1929\" class=\"qtranxs-available-language-link qtranxs-available-language-link-es\" title=\"Espa\u00f1ol\">Espanyol Europeu<\/a>.<\/p>","protected":false},"excerpt":{"rendered":"<p>Ho sentim, aquesta entrada es troba disponible \u00fanicament en Espanyol Europeu.<\/p>\n","protected":false},"author":1139,"featured_media":0,"comment_status":"closed","ping_status":"open","sticky":false,"template":"","format":"standard","meta":{"_links_to":"","_links_to_target":""},"categories":[873,10240],"tags":[],"_links":{"self":[{"href":"https:\/\/relacioneslaborales.umh.es\/ca\/wp-json\/wp\/v2\/posts\/1929"}],"collection":[{"href":"https:\/\/relacioneslaborales.umh.es\/ca\/wp-json\/wp\/v2\/posts"}],"about":[{"href":"https:\/\/relacioneslaborales.umh.es\/ca\/wp-json\/wp\/v2\/types\/post"}],"author":[{"embeddable":true,"href":"https:\/\/relacioneslaborales.umh.es\/ca\/wp-json\/wp\/v2\/users\/1139"}],"replies":[{"embeddable":true,"href":"https:\/\/relacioneslaborales.umh.es\/ca\/wp-json\/wp\/v2\/comments?post=1929"}],"version-history":[{"count":0,"href":"https:\/\/relacioneslaborales.umh.es\/ca\/wp-json\/wp\/v2\/posts\/1929\/revisions"}],"wp:attachment":[{"href":"https:\/\/relacioneslaborales.umh.es\/ca\/wp-json\/wp\/v2\/media?parent=1929"}],"wp:term":[{"taxonomy":"category","embeddable":true,"href":"https:\/\/relacioneslaborales.umh.es\/ca\/wp-json\/wp\/v2\/categories?post=1929"},{"taxonomy":"post_tag","embeddable":true,"href":"https:\/\/relacioneslaborales.umh.es\/ca\/wp-json\/wp\/v2\/tags?post=1929"}],"curies":[{"name":"wp","href":"https:\/\/api.w.org\/{rel}","templated":true}]}}