{"id":2262,"date":"2021-10-05T13:01:08","date_gmt":"2021-10-05T11:01:08","guid":{"rendered":"https:\/\/relacioneslaborales.umh.es\/?p=2262"},"modified":"2021-10-25T13:09:41","modified_gmt":"2021-10-25T11:09:41","slug":"graduacion-de-la-vii-y-viii-promocion-del-grado-en-rr-ll-y-rr-hh","status":"publish","type":"post","link":"https:\/\/relacioneslaborales.umh.es\/ca\/2021\/10\/05\/graduacion-de-la-vii-y-viii-promocion-del-grado-en-rr-ll-y-rr-hh\/","title":{"rendered":"<span lang=\"es\">(Espa\u00f1ol) Graduaci\u00f3n de la VII y VIII Promoci\u00f3n del Grado en RR.LL. y RR.HH.<\/span>"},"content":{"rendered":"<p><span data-mce-type=\"bookmark\" style=\"width: 0px;overflow: hidden;line-height: 0\" class=\"mce_SELRES_start\">\ufeff<\/span><span data-mce-type=\"bookmark\" style=\"width: 0px;overflow: hidden;line-height: 0\" class=\"mce_SELRES_start\">\ufeff<\/span><\/p>\n<div class='bookmarkify'><a name='bookmarkify'><\/a><div class='linkbuttons'><a href='http:\/\/www.facebook.com\/share.php?u=https:\/\/relacioneslaborales.umh.es\/ca\/2021\/10\/05\/graduacion-de-la-vii-y-viii-promocion-del-grado-en-rr-ll-y-rr-hh\/' title='Save to Facebook' onclick='target=\"_blank\";' rel='nofollow'><img src='https:\/\/relacioneslaborales.umh.es\/wp-content\/plugins\/bookmarkify\/facebook.png' style='width:16px; height:16px;' alt='[Facebook] ' \/><\/a> <a href='http:\/\/twitter.com\/home\/?status=<span lang=\"es\">(Espa\u00f1ol) Graduaci\u00f3n de la VII y VIII Promoci\u00f3n del Grado en RR.LL. y RR.HH.<\/span>+https:\/\/relacioneslaborales.umh.es\/ca\/2021\/10\/05\/graduacion-de-la-vii-y-viii-promocion-del-grado-en-rr-ll-y-rr-hh\/' title='Save to Twitter' onclick='target=\"_blank\";' rel='nofollow'><img src='https:\/\/relacioneslaborales.umh.es\/wp-content\/plugins\/bookmarkify\/twitter.png' style='width:16px; height:16px;' alt='[Twitter] ' \/><\/a> <\/div><\/div>","protected":false},"excerpt":{"rendered":"<p>\ufeff\ufeff<\/p>\n","protected":false},"author":1139,"featured_media":0,"comment_status":"closed","ping_status":"open","sticky":false,"template":"","format":"standard","meta":{"_links_to":"","_links_to_target":""},"categories":[873,65,3663],"tags":[],"_links":{"self":[{"href":"https:\/\/relacioneslaborales.umh.es\/ca\/wp-json\/wp\/v2\/posts\/2262"}],"collection":[{"href":"https:\/\/relacioneslaborales.umh.es\/ca\/wp-json\/wp\/v2\/posts"}],"about":[{"href":"https:\/\/relacioneslaborales.umh.es\/ca\/wp-json\/wp\/v2\/types\/post"}],"author":[{"embeddable":true,"href":"https:\/\/relacioneslaborales.umh.es\/ca\/wp-json\/wp\/v2\/users\/1139"}],"replies":[{"embeddable":true,"href":"https:\/\/relacioneslaborales.umh.es\/ca\/wp-json\/wp\/v2\/comments?post=2262"}],"version-history":[{"count":0,"href":"https:\/\/relacioneslaborales.umh.es\/ca\/wp-json\/wp\/v2\/posts\/2262\/revisions"}],"wp:attachment":[{"href":"https:\/\/relacioneslaborales.umh.es\/ca\/wp-json\/wp\/v2\/media?parent=2262"}],"wp:term":[{"taxonomy":"category","embeddable":true,"href":"https:\/\/relacioneslaborales.umh.es\/ca\/wp-json\/wp\/v2\/categories?post=2262"},{"taxonomy":"post_tag","embeddable":true,"href":"https:\/\/relacioneslaborales.umh.es\/ca\/wp-json\/wp\/v2\/tags?post=2262"}],"curies":[{"name":"wp","href":"https:\/\/api.w.org\/{rel}","templated":true}]}}