{"id":2290,"date":"2021-10-18T10:54:37","date_gmt":"2021-10-18T08:54:37","guid":{"rendered":"https:\/\/relacioneslaborales.umh.es\/?p=2290"},"modified":"2021-10-18T11:02:54","modified_gmt":"2021-10-18T09:02:54","slug":"seminario-las-instituciones-publicas-ante-la-insercion-laboral-de-personas-con-discapacidad","status":"publish","type":"post","link":"https:\/\/relacioneslaborales.umh.es\/ca\/2021\/10\/18\/seminario-las-instituciones-publicas-ante-la-insercion-laboral-de-personas-con-discapacidad\/","title":{"rendered":"<span lang=\"es\">(Espa\u00f1ol) SEMINARIO: Las Instituciones P\u00fablicas ante la inserci\u00f3n laboral de personas con discapacidad<\/span>"},"content":{"rendered":"<p><a href=\"https:\/\/relacioneslaborales.umh.es\/files\/2021\/10\/Programa-Definitivo_P\u00e1gina_1.jpg\"><img loading=\"lazy\" src=\"https:\/\/relacioneslaborales.umh.es\/files\/2021\/10\/Programa-Definitivo_P\u00e1gina_1-300x212.jpg\" alt=\"\" width=\"300\" height=\"212\" class=\"aligncenter size-medium wp-image-2293\" srcset=\"https:\/\/relacioneslaborales.umh.es\/files\/2021\/10\/Programa-Definitivo_P\u00e1gina_1-300x212.jpg 300w, https:\/\/relacioneslaborales.umh.es\/files\/2021\/10\/Programa-Definitivo_P\u00e1gina_1-768x543.jpg 768w, https:\/\/relacioneslaborales.umh.es\/files\/2021\/10\/Programa-Definitivo_P\u00e1gina_1-1024x724.jpg 1024w\" sizes=\"(max-width: 300px) 100vw, 300px\" \/><\/a><\/p>\n<p><a href=\"https:\/\/relacioneslaborales.umh.es\/files\/2021\/10\/Programa-Definitivo_P\u00e1gina_2.jpg\"><img loading=\"lazy\" src=\"https:\/\/relacioneslaborales.umh.es\/files\/2021\/10\/Programa-Definitivo_P\u00e1gina_2-300x212.jpg\" alt=\"\" width=\"300\" height=\"212\" class=\"aligncenter size-medium wp-image-2296\" srcset=\"https:\/\/relacioneslaborales.umh.es\/files\/2021\/10\/Programa-Definitivo_P\u00e1gina_2-300x212.jpg 300w, https:\/\/relacioneslaborales.umh.es\/files\/2021\/10\/Programa-Definitivo_P\u00e1gina_2-768x543.jpg 768w, https:\/\/relacioneslaborales.umh.es\/files\/2021\/10\/Programa-Definitivo_P\u00e1gina_2-1024x724.jpg 1024w\" sizes=\"(max-width: 300px) 100vw, 300px\" \/><\/a><\/p>\n<div class='bookmarkify'><a name='bookmarkify'><\/a><div class='linkbuttons'><a href='http:\/\/www.facebook.com\/share.php?u=https:\/\/relacioneslaborales.umh.es\/ca\/2021\/10\/18\/seminario-las-instituciones-publicas-ante-la-insercion-laboral-de-personas-con-discapacidad\/' title='Save to Facebook' onclick='target=\"_blank\";' rel='nofollow'><img src='https:\/\/relacioneslaborales.umh.es\/wp-content\/plugins\/bookmarkify\/facebook.png' style='width:16px; height:16px;' alt='[Facebook] ' \/><\/a> <a href='http:\/\/twitter.com\/home\/?status=<span lang=\"es\">(Espa\u00f1ol) SEMINARIO: Las Instituciones P\u00fablicas ante la inserci\u00f3n laboral de personas con discapacidad<\/span>+https:\/\/relacioneslaborales.umh.es\/ca\/2021\/10\/18\/seminario-las-instituciones-publicas-ante-la-insercion-laboral-de-personas-con-discapacidad\/' title='Save to Twitter' onclick='target=\"_blank\";' rel='nofollow'><img src='https:\/\/relacioneslaborales.umh.es\/wp-content\/plugins\/bookmarkify\/twitter.png' style='width:16px; height:16px;' alt='[Twitter] ' \/><\/a> <\/div><\/div>","protected":false},"excerpt":{"rendered":"","protected":false},"author":1139,"featured_media":0,"comment_status":"closed","ping_status":"open","sticky":false,"template":"","format":"standard","meta":{"_links_to":"","_links_to_target":""},"categories":[873,78],"tags":[],"_links":{"self":[{"href":"https:\/\/relacioneslaborales.umh.es\/ca\/wp-json\/wp\/v2\/posts\/2290"}],"collection":[{"href":"https:\/\/relacioneslaborales.umh.es\/ca\/wp-json\/wp\/v2\/posts"}],"about":[{"href":"https:\/\/relacioneslaborales.umh.es\/ca\/wp-json\/wp\/v2\/types\/post"}],"author":[{"embeddable":true,"href":"https:\/\/relacioneslaborales.umh.es\/ca\/wp-json\/wp\/v2\/users\/1139"}],"replies":[{"embeddable":true,"href":"https:\/\/relacioneslaborales.umh.es\/ca\/wp-json\/wp\/v2\/comments?post=2290"}],"version-history":[{"count":0,"href":"https:\/\/relacioneslaborales.umh.es\/ca\/wp-json\/wp\/v2\/posts\/2290\/revisions"}],"wp:attachment":[{"href":"https:\/\/relacioneslaborales.umh.es\/ca\/wp-json\/wp\/v2\/media?parent=2290"}],"wp:term":[{"taxonomy":"category","embeddable":true,"href":"https:\/\/relacioneslaborales.umh.es\/ca\/wp-json\/wp\/v2\/categories?post=2290"},{"taxonomy":"post_tag","embeddable":true,"href":"https:\/\/relacioneslaborales.umh.es\/ca\/wp-json\/wp\/v2\/tags?post=2290"}],"curies":[{"name":"wp","href":"https:\/\/api.w.org\/{rel}","templated":true}]}}