{"id":2128,"date":"2021-02-24T13:26:21","date_gmt":"2021-02-24T12:26:21","guid":{"rendered":"https:\/\/relacioneslaborales.umh.es\/?p=2128"},"modified":"2021-02-24T13:26:21","modified_gmt":"2021-02-24T12:26:21","slug":"ciclo-de-conferencias-proteccion-social-y-contratacion-de-trabajo-apuntes-historicos","status":"publish","type":"post","link":"https:\/\/relacioneslaborales.umh.es\/en\/2021\/02\/24\/ciclo-de-conferencias-proteccion-social-y-contratacion-de-trabajo-apuntes-historicos\/","title":{"rendered":"<span lang=\"es\">(Espa\u00f1ol) Ciclo de conferencias: PROTECCI\u00d3N SOCIAL Y CONTRATACI\u00d3N DE TRABAJO: APUNTES HIST\u00d3RICOS<\/span>"},"content":{"rendered":"<p class=\"qtranxs-available-languages-message qtranxs-available-languages-message-en\">Sorry, this entry is only available in <a href=\"https:\/\/relacioneslaborales.umh.es\/es\/wp-json\/wp\/v2\/posts\/2128\" class=\"qtranxs-available-language-link qtranxs-available-language-link-es\" title=\"Espa\u00f1ol\">European Spanish<\/a>.<\/p>","protected":false},"excerpt":{"rendered":"<p>Sorry, this entry is only available in European Spanish.<\/p>\n","protected":false},"author":1139,"featured_media":0,"comment_status":"closed","ping_status":"open","sticky":false,"template":"","format":"standard","meta":{"_links_to":"","_links_to_target":""},"categories":[873,65,10240],"tags":[],"_links":{"self":[{"href":"https:\/\/relacioneslaborales.umh.es\/en\/wp-json\/wp\/v2\/posts\/2128"}],"collection":[{"href":"https:\/\/relacioneslaborales.umh.es\/en\/wp-json\/wp\/v2\/posts"}],"about":[{"href":"https:\/\/relacioneslaborales.umh.es\/en\/wp-json\/wp\/v2\/types\/post"}],"author":[{"embeddable":true,"href":"https:\/\/relacioneslaborales.umh.es\/en\/wp-json\/wp\/v2\/users\/1139"}],"replies":[{"embeddable":true,"href":"https:\/\/relacioneslaborales.umh.es\/en\/wp-json\/wp\/v2\/comments?post=2128"}],"version-history":[{"count":0,"href":"https:\/\/relacioneslaborales.umh.es\/en\/wp-json\/wp\/v2\/posts\/2128\/revisions"}],"wp:attachment":[{"href":"https:\/\/relacioneslaborales.umh.es\/en\/wp-json\/wp\/v2\/media?parent=2128"}],"wp:term":[{"taxonomy":"category","embeddable":true,"href":"https:\/\/relacioneslaborales.umh.es\/en\/wp-json\/wp\/v2\/categories?post=2128"},{"taxonomy":"post_tag","embeddable":true,"href":"https:\/\/relacioneslaborales.umh.es\/en\/wp-json\/wp\/v2\/tags?post=2128"}],"curies":[{"name":"wp","href":"https:\/\/api.w.org\/{rel}","templated":true}]}}