{"id":2335,"date":"2021-11-16T11:30:07","date_gmt":"2021-11-16T10:30:07","guid":{"rendered":"https:\/\/relacioneslaborales.umh.es\/?p=2335"},"modified":"2021-11-16T11:31:43","modified_gmt":"2021-11-16T10:31:43","slug":"jornada-de-bienvenida-para-alumnado-de-2o-2","status":"publish","type":"post","link":"https:\/\/relacioneslaborales.umh.es\/en\/2021\/11\/16\/jornada-de-bienvenida-para-alumnado-de-2o-2\/","title":{"rendered":"JORNADA DE BIENVENIDA PARA ALUMNADO DE 2\u00ba"},"content":{"rendered":"<p>Jornada dirigida a estudiantes de segundo curso con el objetivo de refrescar e informar de normativas m\u00e1s cercanas y diferentes temas de inter\u00e9s:<\/p>\n<p>&nbsp;<\/p>\n<p style=\"text-align: center\">Pr\u00e1cticas en empresas,<\/p>\n<p style=\"text-align: center\">becas Erasmus<\/p>\n<p style=\"text-align: center\">reconocimiento de cr\u00e9ditos,<\/p>\n<p style=\"text-align: center\">normativa de progreso y permanencia,<\/p>\n<p style=\"text-align: center\">convocatorias de ex\u00e1menes,<\/p>\n<p style=\"text-align: center\">reajuste y ampliaci\u00f3n de matr\u00edcula,<\/p>\n<p style=\"text-align: center\">convocatoria extraordinaria de diciembre y finalizaci\u00f3n de estudios,<\/p>\n<p style=\"text-align: center\">competencias transversales,<\/p>\n<p style=\"text-align: center\">cambio de titulaci\u00f3n,<\/p>\n<p style=\"text-align: center\">aprobado por compensaci\u00f3n curricular,<\/p>\n<p style=\"text-align: center\">plazos especiales de matr\u00edcula,<\/p>\n<p style=\"text-align: center\">becas y ayudas,&#8230;.<\/p>\n<p>La duraci\u00f3n estimada de la sesi\u00f3n es de 60 minutos y cuenta con las intervenciones de Gesti\u00f3n de Estudios, de Relaciones Internacionales y del Observatorio Ocupacional.<\/p>\n<p>&nbsp;<\/p>\n<p style=\"text-align: center\"><strong>Martes 16 de noviembre de 13:00 a 14:00 en el alula 2.1 de La Galia<\/strong><\/p>\n<p>&nbsp;<\/p>\n<p><a href=\"https:\/\/relacioneslaborales.umh.es\/files\/2020\/09\/logo-facultad.png\"><img loading=\"lazy\" class=\"aligncenter size-large wp-image-2042\" src=\"https:\/\/relacioneslaborales.umh.es\/files\/2020\/09\/logo-facultad-1024x833.png\" alt=\"\" width=\"1024\" height=\"833\" srcset=\"https:\/\/relacioneslaborales.umh.es\/files\/2020\/09\/logo-facultad-1024x833.png 1024w, https:\/\/relacioneslaborales.umh.es\/files\/2020\/09\/logo-facultad-300x244.png 300w, https:\/\/relacioneslaborales.umh.es\/files\/2020\/09\/logo-facultad-768x625.png 768w, https:\/\/relacioneslaborales.umh.es\/files\/2020\/09\/logo-facultad.png 1150w\" sizes=\"(max-width: 1024px) 100vw, 1024px\" \/><\/a><\/p>\n<div class='bookmarkify'><a name='bookmarkify'><\/a><div class='linkbuttons'><a href='http:\/\/www.facebook.com\/share.php?u=https:\/\/relacioneslaborales.umh.es\/en\/2021\/11\/16\/jornada-de-bienvenida-para-alumnado-de-2o-2\/' title='Save to Facebook' onclick='target=\"_blank\";' rel='nofollow'><img src='https:\/\/relacioneslaborales.umh.es\/wp-content\/plugins\/bookmarkify\/facebook.png' style='width:16px; height:16px;' alt='[Facebook] ' \/><\/a> <a href='http:\/\/twitter.com\/home\/?status=JORNADA DE BIENVENIDA PARA ALUMNADO DE 2\u00ba+https:\/\/relacioneslaborales.umh.es\/en\/2021\/11\/16\/jornada-de-bienvenida-para-alumnado-de-2o-2\/' title='Save to Twitter' onclick='target=\"_blank\";' rel='nofollow'><img src='https:\/\/relacioneslaborales.umh.es\/wp-content\/plugins\/bookmarkify\/twitter.png' style='width:16px; height:16px;' alt='[Twitter] ' \/><\/a> <\/div><\/div>","protected":false},"excerpt":{"rendered":"<p>Jornada dirigida a estudiantes de segundo curso con el objetivo de refrescar e informar de normativas m\u00e1s cercanas y diferentes temas de inter\u00e9s:<br \/>\n&nbsp;<br \/>\nPr\u00e1cticas en empresas,<br \/>\nbecas Erasmus<br \/>\nreconocimiento de cr\u00e9ditos,<br \/>\nnormativa de progreso y permanencia,<br \/>\nconvocatorias de ex\u00e1menes,<br \/>\nreajuste y ampliaci\u00f3n de matr\u00edcula,<br \/>\nconvocatoria extraordinaria de diciembre y finalizaci\u00f3n de estudios,<br \/>\ncompetencias transversales,<br \/>\ncambio de titulaci\u00f3n,<br \/>\naprobado por compensaci\u00f3n curricular,<br \/>\nplazos especiales de matr\u00edcula,<br \/>\nbecas y [&#8230;]<\/p>\n","protected":false},"author":1139,"featured_media":0,"comment_status":"closed","ping_status":"open","sticky":false,"template":"","format":"standard","meta":{"_links_to":"","_links_to_target":""},"categories":[873,65,48330],"tags":[],"_links":{"self":[{"href":"https:\/\/relacioneslaborales.umh.es\/en\/wp-json\/wp\/v2\/posts\/2335"}],"collection":[{"href":"https:\/\/relacioneslaborales.umh.es\/en\/wp-json\/wp\/v2\/posts"}],"about":[{"href":"https:\/\/relacioneslaborales.umh.es\/en\/wp-json\/wp\/v2\/types\/post"}],"author":[{"embeddable":true,"href":"https:\/\/relacioneslaborales.umh.es\/en\/wp-json\/wp\/v2\/users\/1139"}],"replies":[{"embeddable":true,"href":"https:\/\/relacioneslaborales.umh.es\/en\/wp-json\/wp\/v2\/comments?post=2335"}],"version-history":[{"count":0,"href":"https:\/\/relacioneslaborales.umh.es\/en\/wp-json\/wp\/v2\/posts\/2335\/revisions"}],"wp:attachment":[{"href":"https:\/\/relacioneslaborales.umh.es\/en\/wp-json\/wp\/v2\/media?parent=2335"}],"wp:term":[{"taxonomy":"category","embeddable":true,"href":"https:\/\/relacioneslaborales.umh.es\/en\/wp-json\/wp\/v2\/categories?post=2335"},{"taxonomy":"post_tag","embeddable":true,"href":"https:\/\/relacioneslaborales.umh.es\/en\/wp-json\/wp\/v2\/tags?post=2335"}],"curies":[{"name":"wp","href":"https:\/\/api.w.org\/{rel}","templated":true}]}}